{"id":196,"date":"2025-10-31T13:40:50","date_gmt":"2025-10-31T13:40:50","guid":{"rendered":"https:\/\/www.galibus.gal\/?p=196"},"modified":"2025-10-31T13:49:27","modified_gmt":"2025-10-31T13:49:27","slug":"resolucion-de-la-direccion-xeral-de-mobilidade","status":"publish","type":"post","link":"https:\/\/www.galibus.gal\/?p=196","title":{"rendered":"\u00a0Resoluci\u00f3n de la Direcci\u00f3n Xeral de Mobilidade"},"content":{"rendered":"\n<p><em><strong><a href=\"https:\/\/www.xunta.gal\/es\/notas-de-prensa\/-\/nova\/018194\/xunta-aprueba-revision-composicion-votos-los-departamentos-secciones-que-integran\" data-type=\"link\" data-id=\"https:\/\/www.xunta.gal\/es\/notas-de-prensa\/-\/nova\/018194\/xunta-aprueba-revision-composicion-votos-los-departamentos-secciones-que-integran\">RESOLUCI\u00d3N do 23 de outubro de 2025, da Direcci\u00f3n Xeral de Mobilidade,<\/a><\/strong><\/em> <em>pola que se aproba a revisi\u00f3n da composici\u00f3n e dos votos dos departamentos<\/em> <em>de transporte de viaxeiros e mercador\u00edas que integran o Comit\u00e9 Galego de<\/em> <em>Transporte por Estrada<\/em>. <\/p>\n\n\n\n<div data-wp-interactive=\"core\/file\" class=\"wp-block-file\"><object data-wp-bind--hidden=\"!state.hasPdfPreview\" hidden class=\"wp-block-file__embed\" data=\"https:\/\/www.galibus.gal\/wp-content\/uploads\/2025\/10\/AnuncioG0759-231025-0003_gl.pdf\" type=\"application\/pdf\" style=\"width:100%;height:600px\" aria-label=\"Embed of AnuncioG0759-231025-0003_gl.\"><\/object><a id=\"wp-block-file--media-99589e29-62c2-4299-b03b-6cbc2aad11ff\" href=\"https:\/\/www.galibus.gal\/wp-content\/uploads\/2025\/10\/AnuncioG0759-231025-0003_gl.pdf\" target=\"_blank\" rel=\"noreferrer noopener\">AnuncioG0759-231025-0003_gl<\/a><a href=\"https:\/\/www.galibus.gal\/wp-content\/uploads\/2025\/10\/AnuncioG0759-231025-0003_gl.pdf\" class=\"wp-block-file__button wp-element-button\" download aria-describedby=\"wp-block-file--media-99589e29-62c2-4299-b03b-6cbc2aad11ff\">Descarga<\/a><\/div>\n\n\n\n\n\n\n\n<p><\/p>\n","protected":false},"excerpt":{"rendered":"<p>RESOLUCI\u00d3N do 23 de outubro de 2025, da Direcci\u00f3n Xeral de Mobilidade, pola que se aproba a revisi\u00f3n da composici\u00f3n e dos votos dos departamentos de transporte de viaxeiros e mercador\u00edas que integran o Comit\u00e9 Galego de Transporte por Estrada.<\/p>\n","protected":false},"author":1,"featured_media":198,"comment_status":"open","ping_status":"open","sticky":false,"template":"","format":"standard","meta":{"saved_in_kubio":false,"footnotes":""},"categories":[19,14,18],"tags":[17,16],"class_list":["post-196","post","type-post","status-publish","format-standard","has-post-thumbnail","hentry","category-galicia","category-transporte","category-transporte-viajeros","tag-direccion-xeral-mobilidade","tag-resolucion"],"_links":{"self":[{"href":"https:\/\/www.galibus.gal\/index.php?rest_route=\/wp\/v2\/posts\/196","targetHints":{"allow":["GET"]}}],"collection":[{"href":"https:\/\/www.galibus.gal\/index.php?rest_route=\/wp\/v2\/posts"}],"about":[{"href":"https:\/\/www.galibus.gal\/index.php?rest_route=\/wp\/v2\/types\/post"}],"author":[{"embeddable":true,"href":"https:\/\/www.galibus.gal\/index.php?rest_route=\/wp\/v2\/users\/1"}],"replies":[{"embeddable":true,"href":"https:\/\/www.galibus.gal\/index.php?rest_route=%2Fwp%2Fv2%2Fcomments&post=196"}],"version-history":[{"count":2,"href":"https:\/\/www.galibus.gal\/index.php?rest_route=\/wp\/v2\/posts\/196\/revisions"}],"predecessor-version":[{"id":201,"href":"https:\/\/www.galibus.gal\/index.php?rest_route=\/wp\/v2\/posts\/196\/revisions\/201"}],"wp:featuredmedia":[{"embeddable":true,"href":"https:\/\/www.galibus.gal\/index.php?rest_route=\/wp\/v2\/media\/198"}],"wp:attachment":[{"href":"https:\/\/www.galibus.gal\/index.php?rest_route=%2Fwp%2Fv2%2Fmedia&parent=196"}],"wp:term":[{"taxonomy":"category","embeddable":true,"href":"https:\/\/www.galibus.gal\/index.php?rest_route=%2Fwp%2Fv2%2Fcategories&post=196"},{"taxonomy":"post_tag","embeddable":true,"href":"https:\/\/www.galibus.gal\/index.php?rest_route=%2Fwp%2Fv2%2Ftags&post=196"}],"curies":[{"name":"wp","href":"https:\/\/api.w.org\/{rel}","templated":true}]}}