{"id":185,"date":"2025-03-10T20:06:02","date_gmt":"2025-03-10T20:06:02","guid":{"rendered":"https:\/\/www.galibus.gal\/?p=185"},"modified":"2025-10-31T13:59:42","modified_gmt":"2025-10-31T13:59:42","slug":"el-certificado-de-aptitud-profesional-en-el-transporte-de-viajeros-por-carretera-ayudas-para-su-obtencion-en-galicia","status":"publish","type":"post","link":"https:\/\/www.galibus.gal\/?p=185","title":{"rendered":"EL CERTIFICADO DE APTITUD PROFESIONAL EN EL TRANSPORTE DE VIAJEROS POR CARRETERA. AYUDAS PARA SU OBTENCI\u00d3N EN GALICIA."},"content":{"rendered":"\n<p><strong><a href=\"https:\/\/www.linkedin.com\/in\/javier-varela-tejedor-07462324\/?originalSubdomain=es\">F.&nbsp;Javier&nbsp;Varela&nbsp;Tejedor <\/a><\/strong><br>Directivo&nbsp;P\u00fablico<br> Jubilado<\/p>\n\n\n\n<p>Partiendo de la base de que&nbsp;<strong>lo ideal, dada la actual situaci\u00f3n del mercado laboral en el sector, ser\u00eda suspender temporalmente la aplicaci\u00f3n de la exigencia del CAP que podr\u00eda sustituirse por un per\u00edodo de pr\u00e1cticas en empresas del sector<\/strong>, entendiendo que la finalidad de las ayudas establecidas por las distintas Administraciones P\u00fablicas, es incentivar la obtenci\u00f3n del permiso de conducir de las clases C o C+E\/ D o D+E y\/o del certificado de aptitud profesional acreditativo de la cualificaci\u00f3n inicial de conductores de transporte de mercanc\u00edas y de viajeros, compensando el coste de la obtenci\u00f3n de los mencionados permisos de conducir y\/o el coste de la realizaci\u00f3n del curso necesario para la obtenci\u00f3n de los citados certificados entendemos que&nbsp;<strong>deben tenerse en cuenta los siguientes aspectos:<\/strong><\/p>\n\n\n\n<p>&#8211; Debe ir dirigido a personas trabajadoras desempleadas y ocupadas para la mejora de su empleabilidad, (Quiz\u00e1 podr\u00eda estar enmarcado en el marco del Plan de Recuperaci\u00f3n, Transformaci\u00f3n y Resiliencia, financiado por la Uni\u00f3n Europea-Next Generation-EU.)&nbsp;<\/p>\n\n\n\n<p>-Residir en un municipio de la&nbsp;<strong>Comunidad Aut\u00f3noma&nbsp;<\/strong>durante al menos seis meses antes de presentar la solicitud.<\/p>\n\n\n\n<p>-Estar inscrito en oficinas de empleo de la Comunidad o estar trabajando en alg\u00fan centro de la propia Comunidad.<\/p>\n\n\n\n<p>-Que el solicitante tenga ya el permiso de clase B.<\/p>\n\n\n\n<p>-Que cumpla con los requisitos de edad m\u00ednimos para cada uno de los permisos que son objeto de las ayudas de la convocatoria<\/p>\n\n\n\n<p>-Cumplir con los requisitos espec\u00edficos del permiso de conducci\u00f3n que se desea obtener.<\/p>\n\n\n\n<p>-Acreditar estar en posesi\u00f3n del permiso de conducir B para acceder a los permisos C y D, o estar en posesi\u00f3n del permiso de conducir C para acceder al permiso C+E. Estos permisos deber\u00e1n estar vigentes en el momento de presentaci\u00f3n de la solicitud. A estos efectos, el interesado no puede ser titular de un permiso de conducci\u00f3n expedido en otro Estado miembro de la Uni\u00f3n Europea o en otro Estado parte del Acuerdo sobre el Espacio Econ\u00f3mico Europeo, ni haber sido restringido, suspendido o anulado en otro Estado miembro el permiso de conducci\u00f3n que poseyese. <\/p>\n\n\n\n<p>En t\u00e9rminos congruentes con la anterior prohibici\u00f3n, se contempla que el titular de un permiso de conducci\u00f3n vigente expedido en cualquiera de esos Estados, que haya establecido su residencia habitual en Espa\u00f1a, pueda solicitar en cualquier momento el canje de su permiso de conducci\u00f3n por otro espa\u00f1ol equivalente en la correspondiente Jefatura Provincial de Tr\u00e1fico.<\/p>\n\n\n\n<p>-Los solicitantes no pueden superar en una vez y media el salario m\u00ednimo interprofesional a no ser que&nbsp;forme parte de&nbsp;una familia numerosa; en cuyo caso, ascender\u00eda a dos veces y media el salario nombrado.<\/p>\n\n\n\n<p>-Deber\u00edan presentarse y aprobar tanto el carnet de conducir necesario para trabajar en el sector (caso de no tenerlo ya) como el CAP,&nbsp;<\/p>\n\n\n\n<p><strong>Podr\u00edan establecerse algunas prioridades, p.ej.:<\/strong><\/p>\n\n\n\n<p><strong>-Las mujeres de entre 18 y&nbsp;55&nbsp;a\u00f1os que est\u00e9n empadronadas en cualquier municipio de la Comunidad.<\/strong><\/p>\n\n\n\n<p><strong>-Solicitantes en mejora de empleabilidad (m\u00e1s de 40 a\u00f1os de edad), residentes en Galicia<\/strong><\/p>\n\n\n\n<p><strong>Las clases preparatorias para la obtenci\u00f3n del permiso de conducci\u00f3n deber\u00e1n realizarse, tanto en su parte te\u00f3rica como pr\u00e1ctica, en uncentro de formaci\u00f3n&nbsp;radicado en&nbsp;la Comunidad Aut\u00f3noma.<\/strong><\/p>\n\n\n\n<p><strong>-La formaci\u00f3n subvencionada requerir\u00e1 la realizaci\u00f3n del examen te\u00f3rico y del pr\u00e1ctico y la acreditaci\u00f3n de la asistencia a la formaci\u00f3n obligatoria, en su caso, que se lleve a cabo.<\/strong><\/p>\n\n\n\n<p><strong>-Exigencia de un per\u00edodo de pr\u00e1cticas retribuidas de una duraci\u00f3n m\u00ednima de 6 meses en empresas del sector domiciliadas en Galicia, como requisito indispensable para obtener la totalidad de la ayuda.<\/strong><\/p>\n\n\n\n<p><a href=\"https:\/\/www.xunta.gal\/es\/notas-de-prensa\/-\/nova\/007299\/xunta-convoca-las-pruebas-para-obtener-certificado-aptitud-profesional-para-ejercer\">ENLACE AQU\u00cd<\/a><\/p>\n\n\n\n<p>Marzo 2025<\/p>\n","protected":false},"excerpt":{"rendered":"<p>F.&nbsp;Javier&nbsp;Varela&nbsp;Tejedor Directivo&nbsp;P\u00fablico Jubilado Partiendo de la base de que&nbsp;lo ideal, dada la actual situaci\u00f3n del mercado laboral en el sector, ser\u00eda suspender temporalmente la aplicaci\u00f3n de la exigencia del CAP que podr\u00eda sustituirse por un per\u00edodo de pr\u00e1cticas en empresas del sector, entendiendo que la finalidad de las ayudas establecidas por las distintas Administraciones P\u00fablicas,<\/p>\n<p class=\"more-link\"><a href=\"https:\/\/www.galibus.gal\/?p=185\" class=\"themebutton\">Read More<\/a><\/p>\n","protected":false},"author":1,"featured_media":53,"comment_status":"closed","ping_status":"closed","sticky":false,"template":"","format":"standard","meta":{"saved_in_kubio":false,"footnotes":""},"categories":[14],"tags":[15],"class_list":["post-185","post","type-post","status-publish","format-standard","has-post-thumbnail","hentry","category-transporte","tag-transporte-de-viajeros-por-carretera"],"_links":{"self":[{"href":"https:\/\/www.galibus.gal\/index.php?rest_route=\/wp\/v2\/posts\/185","targetHints":{"allow":["GET"]}}],"collection":[{"href":"https:\/\/www.galibus.gal\/index.php?rest_route=\/wp\/v2\/posts"}],"about":[{"href":"https:\/\/www.galibus.gal\/index.php?rest_route=\/wp\/v2\/types\/post"}],"author":[{"embeddable":true,"href":"https:\/\/www.galibus.gal\/index.php?rest_route=\/wp\/v2\/users\/1"}],"replies":[{"embeddable":true,"href":"https:\/\/www.galibus.gal\/index.php?rest_route=%2Fwp%2Fv2%2Fcomments&post=185"}],"version-history":[{"count":3,"href":"https:\/\/www.galibus.gal\/index.php?rest_route=\/wp\/v2\/posts\/185\/revisions"}],"predecessor-version":[{"id":190,"href":"https:\/\/www.galibus.gal\/index.php?rest_route=\/wp\/v2\/posts\/185\/revisions\/190"}],"wp:featuredmedia":[{"embeddable":true,"href":"https:\/\/www.galibus.gal\/index.php?rest_route=\/wp\/v2\/media\/53"}],"wp:attachment":[{"href":"https:\/\/www.galibus.gal\/index.php?rest_route=%2Fwp%2Fv2%2Fmedia&parent=185"}],"wp:term":[{"taxonomy":"category","embeddable":true,"href":"https:\/\/www.galibus.gal\/index.php?rest_route=%2Fwp%2Fv2%2Fcategories&post=185"},{"taxonomy":"post_tag","embeddable":true,"href":"https:\/\/www.galibus.gal\/index.php?rest_route=%2Fwp%2Fv2%2Ftags&post=185"}],"curies":[{"name":"wp","href":"https:\/\/api.w.org\/{rel}","templated":true}]}}